{"id":650,"name":"Helmut Tack","url":"","description":"Ich wurde 1959 in Halle\/Saale geboren und bin in einer Gro\u00dffamilie aufgewachsen. Rastlosigkeit und Unf\u00e4higkeit zur Liebe, sowie brutale Erziehungsmethoden, erlebte ich bei meiner Mutter. Meine Erfahrungen mit dem Schreiben sind vielschichtig. W\u00e4hrend der Schulzeit in der DDR fiel das Talent meiner r\u00fchrigen Deutschlehrerin auf. F\u00fcr Sie, so dachte ich damals, schrieb ich Gedichte, Kurzerz\u00e4hlungen und immer wieder Neues. War es die schwere, rastlose Kindheit? Ich denke nur Ausdrucksform, sicher kamen die Texte aus den h\u00e4ufigen Tagtr\u00e4umen, denn die waren mein Zufluchtsort. Meine Gro\u00dfmutter erkannte das Bed\u00fcrfnis nach Ausdruck schon in fr\u00fchen Jahren und f\u00fchrte mich an ihre Lieblinge, die franz\u00f6sischen und englischen Klassiker heran. Dazu gibt es eine fingerzeigende kleine Geschichte. Am Abend meines zehnten Geburtstages fand ich ein Band der \u00abWeihnachtsgeschichte\u00bb von Charles Dickens auf dem Nachttisch. Die Bibel war verschwunden. Meine Gro\u00dfmutter war eine besondere alte Dame, die wenig sprach, daf\u00fcr konnte sie jedoch genussvoll rauchen und frisch gebr\u00fchten Kaffee trinken. Ein gro\u00dfes Abenteuer kam in mein Leben. Dieses f\u00fchrte mich zu William Makepeace Thackeray, wobei ich mir bei \u00abDie Virginier\u00bb fast das Hirn verrenkte. Der Schwenk zu den alten Russen war vorprogrammiert. Es entstand eine unb\u00e4ndige Liebe zu Lew Tolstoi. Noch heute zehre ich von seiner \u00abKreutzersonate\u00bb und bin \u00fcberzeugt, dass nie wieder jemand diese Tiefe erreichen wird. Da mein Verlangen nach inneren Reisen nicht befriedigt wurde, folgte die Prosa von Fjodor Dostojewski. Die \u00abWei\u00dfen N\u00e4chte\u00bb trafen bei mir ins Schwarze. Sein \u00abOnkelchens Traum\u00bb beeindruckt mich \u00fcber die Jahrzehnte weiter. Mit Erz\u00e4hlungen von Nikolai Semjonowitsch Leskow erschienen Bilder, so m\u00e4chtig wie Mammutb\u00e4ume, gef\u00fchlvoll wie die Liebe der Elfen. Dann kam mein Sprung in modernere Zeiten. Die Erlebnisse des Ijon Tichy aus \u00abSterntageb\u00fccher\u00bb von Stanislaw Lem unterhielten mich so wunderbar und weckten Appetit auf mehr. Gerd Prokop \u00abWer stielt schon Unterschenkel\u00bb, Erwin Strittmatter, insbesondere \u00abTinko\u00bb, vergr\u00f6\u00dferten meine Welt um ein Vielfaches. Gleiches gelang Maria Lobe mit \u00abDer Anderl\u00bb und die Lyrik Eva Strittmatters. Wunderbare Kindheits- und Jugendbegleiter. Ich wollte Schriftsteller werden. Nicht weil ich schrieb, weil es mich schrieb. Meine Mutter und die Kulturkommission der DDR waren dagegen. Die Mutter, weil sie das f\u00fcr brotlose Kunst hielt, die Kulturkommission, weil ich zu revolution\u00e4r und frei dachte und nicht dem sozialistischen Weltbild entsprach. Mit meiner Schulzeit endete das Abenteuer und ein neues begann. Das f\u00fchrte mich weit weg von den Idealen und Sehns\u00fcchten meiner Jugend, aber das Schreiben habe ich nie gelassen. Mein gr\u00f6\u00dftes Werk in der DDR \u201eLeben im Abseits\u201c wurde von einem Freund auf dem Weg in das freie Berlin verraten. Der Lohn f\u00fcr mich waren 34 Monate im Stasi-Gef\u00e4ngnis Cottbus. In der freien Welt angekommen, versuchte ich meinen gebrochenen Geist wieder zu sortieren und setzte mich mit den Fr\u00fcchten der Erinnerungen auseinander. Das Ergebnis waren \u00abHoffnungstassen\u00bb (Lyrik), \u00abDrei Wanderer\u00bb (Prosa) und \u00abKartoffelbetten isst man nicht\u00bb (Satire). Mich verfolgten die Erinnerungen und Erlebnissen in der DDR trotz dem. Keine Ahnung vom hiesigen Literaturbetrieb, schickten liebe Freunde die Skripte an die Literaturagentur Axel Polder in M\u00fcnchen. Alles wurde 1991 lektoriert und verlagsfertig gemacht. Noch w\u00e4hrend des Druckes verlor ich jeden Mut und zog zur\u00fcck. Wieder entfernte ich mich vom Schreiben und machte Dinge, die mir wesensfremd waren. Zun\u00e4chst arbeitete ich als Krankenpfleger auf einer Intensivstation. Als das nicht mehr ging, verdiente ich mein Einkommen als SAP Berater. Nach einer langen Phase im Tal der Tr\u00e4nen begann ich die Neubearbeitung der B\u00fccher \u00abDie vergessene Kindheit\u00bb und \u00abWurm im Kopf\u00bb. Und wieder Bilder, bis in Sph\u00e4ren. Das dauert ein bisschen und ist f\u00fcr sp\u00e4testens 2021 geplant. Mich eroberte eine neue Ausdrucksform, das Drehbuch. \u00abWurm im Kopf\u00bb sollte mein erstes Opfer, musste der gewagte Schritt sein. Mein Buch \u201eDrei Wanderer\u201c erschien am 13.05.2020 in modernisierter Sprache beim Verlag tredition GmbH in Hamburg, als Paperback, Hardcover und eBook. Man erlebt mich als kreativen Geist voller Unrast, aber auch gepr\u00e4gt von Unsicherheit und Selbstzweifel, der oft hinterfragt und in Zweifel zieht. Gott sei Dank, bin ich der revolution\u00e4re und unbequeme Geist geblieben.","link":"https:\/\/self-publishing.com\/es\/author\/650\/","slug":"tanoartsicloud-com","avatar_urls":{"24":"https:\/\/secure.gravatar.com\/avatar\/5d41aabeeebe7224adb35a3bf2bb0f77?s=24&d=mm&r=g","48":"https:\/\/secure.gravatar.com\/avatar\/5d41aabeeebe7224adb35a3bf2bb0f77?s=48&d=mm&r=g","96":"https:\/\/secure.gravatar.com\/avatar\/5d41aabeeebe7224adb35a3bf2bb0f77?s=96&d=mm&r=g"},"meta":[],"is_super_admin":false,"woocommerce_meta":{"variable_product_tour_shown":"","activity_panel_inbox_last_read":"","activity_panel_reviews_last_read":"","categories_report_columns":"","coupons_report_columns":"","customers_report_columns":"","orders_report_columns":"","products_report_columns":"","revenue_report_columns":"","taxes_report_columns":"","variations_report_columns":"","dashboard_sections":"","dashboard_chart_type":"","dashboard_chart_interval":"","dashboard_leaderboard_rows":"","order_attribution_install_banner_dismissed":"","homepage_layout":"","homepage_stats":"","task_list_tracked_started_tasks":"","android_app_banner_dismissed":"","launch_your_store_tour_hidden":"","coming_soon_banner_dismissed":""},"_links":{"self":[{"href":"https:\/\/self-publishing.com\/es\/wp-json\/wp\/v2\/users\/650","targetHints":{"allow":["GET"]}}],"collection":[{"href":"https:\/\/self-publishing.com\/es\/wp-json\/wp\/v2\/users"}]}}